{"id":1257,"date":"2020-07-08T20:20:13","date_gmt":"2020-07-08T18:20:13","guid":{"rendered":"http:\/\/www.kobido-laure-massages.fr\/?p=1257"},"modified":"2020-07-08T20:20:13","modified_gmt":"2020-07-08T18:20:13","slug":"ouverture-dun-espace-bien-etre-developpement-personnel-a-chatel-guyon","status":"publish","type":"post","link":"https:\/\/www.kobido-laure-massages.fr\/index.php\/2020\/07\/08\/ouverture-dun-espace-bien-etre-developpement-personnel-a-chatel-guyon\/","title":{"rendered":"OUVERTURE d&rsquo;un espace BIEN-ETRE &#038; D\u00c9VELOPPEMENT PERSONNEL \u00e0 Ch\u00e2tel Guyon"},"content":{"rendered":"<div id=\"pl-1257\"  class=\"panel-layout\" ><div id=\"pg-1257-0\"  class=\"panel-grid panel-no-style\" ><div id=\"pgc-1257-0-0\"  class=\"panel-grid-cell\" ><div id=\"panel-1257-0-0-0\" class=\"so-panel widget widget_sow-image panel-first-child\" data-index=\"0\" ><div\n\t\t\t\n\t\t\tclass=\"so-widget-sow-image so-widget-sow-image-default-dbf295114b96-1257\"\n\t\t\t\n\t\t>\n<div class=\"sow-image-container\">\n\t\t<img \n\tsrc=\"https:\/\/www.kobido-laure-massages.fr\/wp-content\/uploads\/2020\/07\/Logo_Alorigine2-740x409.png\" width=\"740\" height=\"409\" srcset=\"https:\/\/www.kobido-laure-massages.fr\/wp-content\/uploads\/2020\/07\/Logo_Alorigine2-740x409.png 740w, https:\/\/www.kobido-laure-massages.fr\/wp-content\/uploads\/2020\/07\/Logo_Alorigine2-300x166.png 300w, https:\/\/www.kobido-laure-massages.fr\/wp-content\/uploads\/2020\/07\/Logo_Alorigine2-768x425.png 768w, https:\/\/www.kobido-laure-massages.fr\/wp-content\/uploads\/2020\/07\/Logo_Alorigine2-1024x566.png 1024w, https:\/\/www.kobido-laure-massages.fr\/wp-content\/uploads\/2020\/07\/Logo_Alorigine2-520x287.png 520w, https:\/\/www.kobido-laure-massages.fr\/wp-content\/uploads\/2020\/07\/Logo_Alorigine2.png 1069w\" sizes=\"(max-width: 740px) 100vw, 740px\" alt=\"\" \t\tclass=\"so-widget-image\"\/>\n\t<\/div>\n\n<\/div><\/div><div id=\"panel-1257-0-0-1\" class=\"so-panel widget widget_sow-headline panel-last-child\" data-index=\"1\" ><div\n\t\t\t\n\t\t\tclass=\"so-widget-sow-headline so-widget-sow-headline-default-78d128b2c74d-1257\"\n\t\t\t\n\t\t><div class=\"sow-headline-container \">\n\t\t\t\t\t\t<div class=\"decoration\">\n\t\t\t\t\t\t<div class=\"decoration-inside\"><\/div>\n\t\t\t\t\t<\/div>\n\t\t\t\t\t\t\t\t\t\t\t<h1 class=\"sow-headline\">\n\t\t\t\t\t\t140 m2 pour vous accueillir au centre \"A L'ORIGINE Sens &amp; Conscience\" 7 Place Brosson \t\t\t\t\t\t<\/h1>\n\t\t\t\t\t\t\t\t\t\t\t\t<h3 class=\"sow-sub-headline\">\n\t\t\t\t\t\tboutique de pierres et min\u00e9raux OPALYS  -  Massages et soins du visage traditionnels   -   Espace g\u00e9obiologie et habitat avec Marc\t\t\t\t\t\t<\/h3>\n\t\t\t\t\t\t<\/div>\n<\/div><\/div><\/div><\/div><div id=\"pg-1257-1\"  class=\"panel-grid panel-no-style\" ><div id=\"pgc-1257-1-0\"  class=\"panel-grid-cell panel-grid-cell-empty\" ><\/div><\/div><div id=\"pg-1257-2\"  class=\"panel-grid panel-no-style\" ><div id=\"pgc-1257-2-0\"  class=\"panel-grid-cell\" ><div id=\"panel-1257-2-0-0\" class=\"so-panel widget widget_sow-editor panel-first-child\" data-index=\"2\" ><div\n\t\t\t\n\t\t\tclass=\"so-widget-sow-editor so-widget-sow-editor-base\"\n\t\t\t\n\t\t><h3 class=\"widget-title\">OPALYS... la boutique<\/h3>\n<div class=\"siteorigin-widget-tinymce textwidget\">\n\t<p><img loading=\"lazy\" decoding=\"async\" class=\"alignnone size-large wp-image-1271\" src=\"http:\/\/www.kobido-laure-massages.fr\/wp-content\/uploads\/2020\/07\/DSC02748-1024x577.jpg\" alt=\"\" width=\"1024\" height=\"577\" srcset=\"https:\/\/www.kobido-laure-massages.fr\/wp-content\/uploads\/2020\/07\/DSC02748-1024x577.jpg 1024w, https:\/\/www.kobido-laure-massages.fr\/wp-content\/uploads\/2020\/07\/DSC02748-300x169.jpg 300w, https:\/\/www.kobido-laure-massages.fr\/wp-content\/uploads\/2020\/07\/DSC02748-768x433.jpg 768w, https:\/\/www.kobido-laure-massages.fr\/wp-content\/uploads\/2020\/07\/DSC02748-520x293.jpg 520w, https:\/\/www.kobido-laure-massages.fr\/wp-content\/uploads\/2020\/07\/DSC02748-740x417.jpg 740w\" sizes=\"auto, (max-width: 1024px) 100vw, 1024px\" \/><\/p>\n<\/div>\n<\/div><\/div><div id=\"panel-1257-2-0-1\" class=\"so-panel widget widget_sow-editor panel-last-child\" data-index=\"3\" ><div\n\t\t\t\n\t\t\tclass=\"so-widget-sow-editor so-widget-sow-editor-base\"\n\t\t\t\n\t\t><h3 class=\"widget-title\">conseils pour choisir vos pierres et bijoux personnalis\u00e9s<\/h3>\n<div class=\"siteorigin-widget-tinymce textwidget\">\n\t<p><span style=\"color: #333333;\"><strong><em>HORAIRES D'OUVERTURE de la boutique OPALYS\u00a0\u00a0<\/em><\/strong><\/span><\/p>\n<p><strong><span style=\"color: #800000;\">JEUDI : 15h30 - 19h30\u00a0<img loading=\"lazy\" decoding=\"async\" class=\"wp-image-850 alignright\" src=\"http:\/\/www.kobido-laure-massages.fr\/wp-content\/uploads\/2019\/02\/logo-opalys-relief-546x1024.jpg\" alt=\"\" width=\"170\" height=\"318\" \/><\/span><\/strong><\/p>\n<p><strong><span style=\"color: #800000;\">VENDREDI : 15h30 - 19h30\u00a0\u00a0<\/span><\/strong><\/p>\n<p><strong><span style=\"color: #800000;\">SAMEDI : 14h - 19h<\/span><\/strong><\/p>\n<p><strong><span style=\"color: #800000;\">DIMANCHE : 9h30 - 12h30<\/span><\/strong><\/p>\n<p>&nbsp;<\/p>\n<p>&nbsp;<\/p>\n<p>&nbsp;<\/p>\n<p>ateliers \" d\u00e9couverte des pierres et chakras \" renseignements \u00e0 la boutique ou au 06 63 01 29 94<\/p>\n<\/div>\n<\/div><\/div><\/div><div id=\"pgc-1257-2-1\"  class=\"panel-grid-cell\" ><div id=\"panel-1257-2-1-0\" class=\"so-panel widget widget_sow-editor panel-first-child\" data-index=\"4\" ><div\n\t\t\t\n\t\t\tclass=\"so-widget-sow-editor so-widget-sow-editor-base\"\n\t\t\t\n\t\t><h3 class=\"widget-title\">ESPACE BIEN-ETRE<\/h3>\n<div class=\"siteorigin-widget-tinymce textwidget\">\n\t<p><img loading=\"lazy\" decoding=\"async\" class=\"alignnone size-large wp-image-1272\" src=\"http:\/\/www.kobido-laure-massages.fr\/wp-content\/uploads\/2020\/07\/DSC02750-1024x577.jpg\" alt=\"\" width=\"1024\" height=\"577\" srcset=\"https:\/\/www.kobido-laure-massages.fr\/wp-content\/uploads\/2020\/07\/DSC02750-1024x577.jpg 1024w, https:\/\/www.kobido-laure-massages.fr\/wp-content\/uploads\/2020\/07\/DSC02750-300x169.jpg 300w, https:\/\/www.kobido-laure-massages.fr\/wp-content\/uploads\/2020\/07\/DSC02750-768x433.jpg 768w, https:\/\/www.kobido-laure-massages.fr\/wp-content\/uploads\/2020\/07\/DSC02750-520x293.jpg 520w, https:\/\/www.kobido-laure-massages.fr\/wp-content\/uploads\/2020\/07\/DSC02750-740x417.jpg 740w\" sizes=\"auto, (max-width: 1024px) 100vw, 1024px\" \/><\/p>\n<\/div>\n<\/div><\/div><div id=\"panel-1257-2-1-1\" class=\"so-panel widget widget_sow-editor panel-last-child\" data-index=\"5\" ><div\n\t\t\t\n\t\t\tclass=\"so-widget-sow-editor so-widget-sow-editor-base\"\n\t\t\t\n\t\t><h3 class=\"widget-title\">KOBIDO, soins du visage et massages sur rendez-vous uniquement<\/h3>\n<div class=\"siteorigin-widget-tinymce textwidget\">\n\t<p>retrouvez toutes les prestations de Laure \u00e0 Ch\u00e2tel Guyon<\/p>\n<p><strong><em><span style=\"color: #333333;\"> ce lieu remplace d\u00e9sormais le cabinet de Riom\u00a0<\/span><\/em><\/strong><\/p>\n<p><img loading=\"lazy\" decoding=\"async\" class=\"alignnone size-full wp-image-1231\" src=\"http:\/\/www.kobido-laure-massages.fr\/wp-content\/uploads\/2020\/01\/053475.jpg\" alt=\"\" width=\"225\" height=\"225\" srcset=\"https:\/\/www.kobido-laure-massages.fr\/wp-content\/uploads\/2020\/01\/053475.jpg 225w, https:\/\/www.kobido-laure-massages.fr\/wp-content\/uploads\/2020\/01\/053475-150x150.jpg 150w\" sizes=\"auto, (max-width: 225px) 100vw, 225px\" \/><\/p>\n<\/div>\n<\/div><\/div><\/div><div id=\"pgc-1257-2-2\"  class=\"panel-grid-cell\" ><div id=\"panel-1257-2-2-0\" class=\"so-panel widget widget_sow-editor panel-first-child\" data-index=\"6\" ><div\n\t\t\t\n\t\t\tclass=\"so-widget-sow-editor so-widget-sow-editor-base\"\n\t\t\t\n\t\t><h3 class=\"widget-title\">INSTANT DE TERRE <\/h3>\n<div class=\"siteorigin-widget-tinymce textwidget\">\n\t<p><img loading=\"lazy\" decoding=\"async\" class=\"alignnone  wp-image-1305\" src=\"http:\/\/www.kobido-laure-massages.fr\/wp-content\/uploads\/2020\/07\/MarcH\u00e9ritier_LVA-986x1024.jpg\" alt=\"\" width=\"238\" height=\"248\" srcset=\"https:\/\/www.kobido-laure-massages.fr\/wp-content\/uploads\/2020\/07\/MarcH\u00e9ritier_LVA-986x1024.jpg 986w, https:\/\/www.kobido-laure-massages.fr\/wp-content\/uploads\/2020\/07\/MarcH\u00e9ritier_LVA-289x300.jpg 289w, https:\/\/www.kobido-laure-massages.fr\/wp-content\/uploads\/2020\/07\/MarcH\u00e9ritier_LVA-768x797.jpg 768w, https:\/\/www.kobido-laure-massages.fr\/wp-content\/uploads\/2020\/07\/MarcH\u00e9ritier_LVA-520x540.jpg 520w, https:\/\/www.kobido-laure-massages.fr\/wp-content\/uploads\/2020\/07\/MarcH\u00e9ritier_LVA-740x768.jpg 740w, https:\/\/www.kobido-laure-massages.fr\/wp-content\/uploads\/2020\/07\/MarcH\u00e9ritier_LVA.jpg 1210w\" sizes=\"auto, (max-width: 238px) 100vw, 238px\" \/><\/p>\n<\/div>\n<\/div><\/div><div id=\"panel-1257-2-2-1\" class=\"so-panel widget widget_sow-editor panel-last-child\" data-index=\"7\" ><div\n\t\t\t\n\t\t\tclass=\"so-widget-sow-editor so-widget-sow-editor-base\"\n\t\t\t\n\t\t><h3 class=\"widget-title\">G\u00e9obiologie &amp; Bio\u00e9nergie <\/h3>\n<div class=\"siteorigin-widget-tinymce textwidget\">\n\t<p>Marc H\u00e9ritier : <a href=\"http:\/\/www.instant-de-terre.fr\" target=\"_blank\" rel=\"noopener\"><strong><em><span style=\"color: #333333;\">www.instant-de-terre.fr<\/span><\/em><\/strong><\/a><\/p>\n<p>Environnement, habitat, lieux sacr\u00e9s, ateliers ...\u00a0<img loading=\"lazy\" decoding=\"async\" class=\"wp-image-1304 aligncenter\" src=\"http:\/\/www.kobido-laure-massages.fr\/wp-content\/uploads\/2020\/07\/LOGO_INSTER-2.png\" alt=\"\" width=\"240\" height=\"240\" srcset=\"https:\/\/www.kobido-laure-massages.fr\/wp-content\/uploads\/2020\/07\/LOGO_INSTER-2.png 394w, https:\/\/www.kobido-laure-massages.fr\/wp-content\/uploads\/2020\/07\/LOGO_INSTER-2-150x150.png 150w, https:\/\/www.kobido-laure-massages.fr\/wp-content\/uploads\/2020\/07\/LOGO_INSTER-2-300x300.png 300w\" sizes=\"auto, (max-width: 240px) 100vw, 240px\" \/><\/p>\n<\/div>\n<\/div><\/div><\/div><\/div><\/div>","protected":false},"excerpt":{"rendered":"<p>140 m2 pour vous accueillir au centre \u00ab\u00a0A L&rsquo;ORIGINE Sens &amp; Conscience\u00a0\u00bb 7 Place Brosson boutique de pierres et min\u00e9raux OPALYS &#8211; Massages et soins du visage traditionnels &#8211; Espace g\u00e9obiologie et habitat avec Marc<a class=\"read-more\" href=\"https:\/\/www.kobido-laure-massages.fr\/index.php\/2020\/07\/08\/ouverture-dun-espace-bien-etre-developpement-personnel-a-chatel-guyon\/\">Continue reading<\/a><\/p>\n","protected":false},"author":1,"featured_media":0,"comment_status":"closed","ping_status":"closed","sticky":false,"template":"","format":"standard","meta":{"footnotes":""},"categories":[1],"tags":[],"class_list":["post-1257","post","type-post","status-publish","format-standard","hentry","category-non-classe"],"aioseo_notices":[],"_links":{"self":[{"href":"https:\/\/www.kobido-laure-massages.fr\/index.php\/wp-json\/wp\/v2\/posts\/1257","targetHints":{"allow":["GET"]}}],"collection":[{"href":"https:\/\/www.kobido-laure-massages.fr\/index.php\/wp-json\/wp\/v2\/posts"}],"about":[{"href":"https:\/\/www.kobido-laure-massages.fr\/index.php\/wp-json\/wp\/v2\/types\/post"}],"author":[{"embeddable":true,"href":"https:\/\/www.kobido-laure-massages.fr\/index.php\/wp-json\/wp\/v2\/users\/1"}],"replies":[{"embeddable":true,"href":"https:\/\/www.kobido-laure-massages.fr\/index.php\/wp-json\/wp\/v2\/comments?post=1257"}],"version-history":[{"count":76,"href":"https:\/\/www.kobido-laure-massages.fr\/index.php\/wp-json\/wp\/v2\/posts\/1257\/revisions"}],"predecessor-version":[{"id":1342,"href":"https:\/\/www.kobido-laure-massages.fr\/index.php\/wp-json\/wp\/v2\/posts\/1257\/revisions\/1342"}],"wp:attachment":[{"href":"https:\/\/www.kobido-laure-massages.fr\/index.php\/wp-json\/wp\/v2\/media?parent=1257"}],"wp:term":[{"taxonomy":"category","embeddable":true,"href":"https:\/\/www.kobido-laure-massages.fr\/index.php\/wp-json\/wp\/v2\/categories?post=1257"},{"taxonomy":"post_tag","embeddable":true,"href":"https:\/\/www.kobido-laure-massages.fr\/index.php\/wp-json\/wp\/v2\/tags?post=1257"}],"curies":[{"name":"wp","href":"https:\/\/api.w.org\/{rel}","templated":true}]}}